{"id":3075,"date":"2019-09-29T19:19:39","date_gmt":"2019-09-29T19:19:39","guid":{"rendered":"https:\/\/grundschule-ludwig-chronegk.lra-sm.de\/?p=3075"},"modified":"2020-01-23T07:33:38","modified_gmt":"2020-01-23T07:33:38","slug":"projekttag-streuobstwiese","status":"publish","type":"post","link":"https:\/\/grundschule-ludwig-chronegk.lra-sm.de\/?p=3075","title":{"rendered":"Projekttag &#8222;Streuobstwiese&#8220;"},"content":{"rendered":"<h4 style=\"text-align: left;\"><strong>Mit Hilfe der Mitglieder des F\u00f6rdervereins unserer Schule verbrachten die 3. Klassen einen Tag in der Natur, in Unterma\u00dffeld. Begr\u00fc\u00dft wurden die Sch\u00fclerinnen und Sch\u00fcler im \u201eAlten Kuhstall\u201c von Birgit Henkel und Tom mit interessantem Wissensaustausch zum Herbst und Honigbrot. Bei der Wanderung zur Streuobstwiese wurden alle zu kleinen Forschern. Im Team untersuchten die Klassen Obstb\u00e4ume mit allen Sinnen\u00a0 und bestimmt diese. Im Hofgarten wurden die mitgebrachten \u00c4pfel anschlie\u00dfend gewaschen, geschnitten und gepresst. Der gewonnene Apfelsaft war wirklich lecker! Viel Spa\u00df gab es zum Abschluss des Tages bei der Blindverkostung, beim Singen und dem Bienchen- Spiel. <\/strong><\/h4>\n<h4 style=\"text-align: left;\"><strong>Sicherlich werden einige Kinder zum \u201eWilden Samstag\u201c oder zum Apfelfest des Bundes f\u00fcr Umwelt und Naturschutz Meiningen, am 5.10.2019, nach Unterma\u00dffeld wieder kommen.<\/strong><\/h4>\n","protected":false},"excerpt":{"rendered":"<p>Mit Hilfe der Mitglieder des F\u00f6rdervereins unserer Schule verbrachten die 3. Klassen einen Tag in der Natur, in Unterma\u00dffeld. Begr\u00fc\u00dft wurden die Sch\u00fclerinnen und Sch\u00fcler im \u201eAlten Kuhstall\u201c von Birgit Henkel und Tom mit interessantem Wissensaustausch zum Herbst und Honigbrot. Bei der Wanderung zur Streuobstwiese wurden alle zu kleinen Forschern. Im Team untersuchten die Klassen &hellip; <\/p>\n<p><a class=\"more-link btn\" href=\"https:\/\/grundschule-ludwig-chronegk.lra-sm.de\/?p=3075\">Weiterlesen<\/a><\/p>\n","protected":false},"author":7,"featured_media":0,"comment_status":"closed","ping_status":"closed","sticky":false,"template":"","format":"standard","meta":{"footnotes":"","_links_to":"","_links_to_target":""},"categories":[1],"tags":[],"_links":{"self":[{"href":"https:\/\/grundschule-ludwig-chronegk.lra-sm.de\/index.php?rest_route=\/wp\/v2\/posts\/3075"}],"collection":[{"href":"https:\/\/grundschule-ludwig-chronegk.lra-sm.de\/index.php?rest_route=\/wp\/v2\/posts"}],"about":[{"href":"https:\/\/grundschule-ludwig-chronegk.lra-sm.de\/index.php?rest_route=\/wp\/v2\/types\/post"}],"author":[{"embeddable":true,"href":"https:\/\/grundschule-ludwig-chronegk.lra-sm.de\/index.php?rest_route=\/wp\/v2\/users\/7"}],"replies":[{"embeddable":true,"href":"https:\/\/grundschule-ludwig-chronegk.lra-sm.de\/index.php?rest_route=%2Fwp%2Fv2%2Fcomments&post=3075"}],"version-history":[{"count":0,"href":"https:\/\/grundschule-ludwig-chronegk.lra-sm.de\/index.php?rest_route=\/wp\/v2\/posts\/3075\/revisions"}],"wp:attachment":[{"href":"https:\/\/grundschule-ludwig-chronegk.lra-sm.de\/index.php?rest_route=%2Fwp%2Fv2%2Fmedia&parent=3075"}],"wp:term":[{"taxonomy":"category","embeddable":true,"href":"https:\/\/grundschule-ludwig-chronegk.lra-sm.de\/index.php?rest_route=%2Fwp%2Fv2%2Fcategories&post=3075"},{"taxonomy":"post_tag","embeddable":true,"href":"https:\/\/grundschule-ludwig-chronegk.lra-sm.de\/index.php?rest_route=%2Fwp%2Fv2%2Ftags&post=3075"}],"curies":[{"name":"wp","href":"https:\/\/api.w.org\/{rel}","templated":true}]}}